{"id":445,"date":"2017-09-29T16:24:03","date_gmt":"2017-09-29T16:24:03","guid":{"rendered":"http:\/\/materiales-sam.org.ar\/sam\/?p=445"},"modified":"2025-03-23T17:49:36","modified_gmt":"2025-03-23T20:49:36","slug":"ultimo-numero-de-la-revista-sam","status":"publish","type":"post","link":"http:\/\/materiales-sam.org.ar\/sam\/ultimo-numero-de-la-revista-sam\/","title":{"rendered":"\u00daltimo n\u00famero de la Revista SAM"},"content":{"rendered":"<h3><span style=\"color: #993366;\"><a style=\"color: #993366;\" href=\"http:\/\/materiales-sam.org.ar\/sam\/wp-content\/uploads\/2025\/03\/Rev-SAM-Vol-1-2024.pdf\" target=\"_blank\" rel=\"noopener\">Revista completa Volumen 1 2024<\/a><\/span><\/h3>\n<h3><a href=\"http:\/\/materiales-sam.org.ar\/sam\/wp-content\/uploads\/2017\/09\/Caratula-2024.jpg\"><img loading=\"lazy\" decoding=\"async\" class=\"alignnone wp-image-2714 size-large\" src=\"http:\/\/materiales-sam.org.ar\/sam\/wp-content\/uploads\/2017\/09\/Caratula-2024-724x1024.jpg\" alt=\"\" width=\"724\" height=\"1024\" srcset=\"http:\/\/materiales-sam.org.ar\/sam\/wp-content\/uploads\/2017\/09\/Caratula-2024-724x1024.jpg 724w, http:\/\/materiales-sam.org.ar\/sam\/wp-content\/uploads\/2017\/09\/Caratula-2024-212x300.jpg 212w, http:\/\/materiales-sam.org.ar\/sam\/wp-content\/uploads\/2017\/09\/Caratula-2024-768x1087.jpg 768w, http:\/\/materiales-sam.org.ar\/sam\/wp-content\/uploads\/2017\/09\/Caratula-2024-1085x1536.jpg 1085w, http:\/\/materiales-sam.org.ar\/sam\/wp-content\/uploads\/2017\/09\/Caratula-2024-700x991.jpg 700w, http:\/\/materiales-sam.org.ar\/sam\/wp-content\/uploads\/2017\/09\/Caratula-2024-410x580.jpg 410w, http:\/\/materiales-sam.org.ar\/sam\/wp-content\/uploads\/2017\/09\/Caratula-2024-100x142.jpg 100w, http:\/\/materiales-sam.org.ar\/sam\/wp-content\/uploads\/2017\/09\/Caratula-2024-275x389.jpg 275w, http:\/\/materiales-sam.org.ar\/sam\/wp-content\/uploads\/2017\/09\/Caratula-2024.jpg 1240w\" sizes=\"auto, (max-width: 724px) 100vw, 724px\" \/><\/a><\/h3>\n<h3><span style=\"color: #993366;\"><strong>INDICE<\/strong><\/span><\/h3>\n<p><span style=\"color: #993366;\">Editorial<\/span> Elena Brandaleze<\/p>\n<p><span style=\"color: #993366;\">Trabajos T\u00e9cnicos<\/span><\/p>\n<p><strong>Grafito aero-eut\u00e9ctico como \u00e1nodo de bater\u00edas de Li-i\u00f3n.<\/strong><\/p>\n<p><em style=\"color: initial;\">R.W. Gregorutti; L.A. Azpeit\u00eda; M.G. Ortiz; M. Reinoso; A.N. Roviglione. P\u00e1gina 1<\/em><\/p>\n<p><strong>Efecto de las condiciones de austenizado sobre la transformaci\u00f3n a la ferrita en un acero grado P92.<\/strong><\/p>\n<p><em style=\"color: initial;\">N. Iriberri; M. A. Duran; C. A. Dan\u00f3n. Pagina 8<\/em><\/p>\n<p><strong>An\u00e1lisis de la microdureza en un recubrimiento de matriz met\u00e1lica reforzada.<\/strong><\/p>\n<p><em style=\"color: initial;\">C. Garc\u00eda D\u00edaz; E. Brandaleze; J. L Garc\u00eda; E. Benavidez. P\u00e1gina 22<\/em><\/p>\n<p><strong>Corrosi\u00f3n localizada en aleaci\u00f3n N08800 utilizada en tubos de generadores de vapor.<\/strong><\/p>\n<p><span style=\"color: #000000;\"><em>F.E. Herrera; M.A Kappes; M. Chocr\u00f3n. P\u00e1gina 32<\/em><\/span><\/p>\n<p><strong>Estudio microestructural de los productos de la transformaci\u00f3n de la austenita en un acero ferr\u00edtico-bain\u00edtico (FB590) aplicando perfiles t\u00e9rmicos de enfriamiento continuo.<\/strong><\/p>\n<p><span style=\"color: #000000;\"><em>M.E. Ram\u00edrez; E. Brandaleze. P\u00e1gina 39<\/em><\/span><\/p>\n<p><strong>Development of porous metal-ceramic Ni-MmO2 electrode for solid oxide electrolizers and fuel cells.<\/strong><\/p>\n<p><span style=\"color: #000000;\"><em>C. Palacios; L. Mogni; M. T. Malachevsky; S. Cuello Larregle; M. Esquivel; M. Melone. P\u00e1gina 50<\/em><\/span><\/p>\n<p>\u00a0<\/p>\n<p>\u00a0<\/p>\n<p class=\"Default\">\u00a0<\/p>\n\n\n<p><\/p>\n","protected":false},"excerpt":{"rendered":"<p>Revista completa Volumen 1 2024 INDICE Editorial Elena Brandaleze Trabajos T\u00e9cnicos Grafito aero-eut\u00e9ctico como \u00e1nodo de bater\u00edas de Li-i\u00f3n. R.W. Gregorutti; L.A. Azpeit\u00eda; M.G. Ortiz; M. Reinoso; A.N. Roviglione. P\u00e1gina 1 Efecto de las condiciones de austenizado sobre la transformaci\u00f3n a la ferrita en un acero grado P92. N. Iriberri; M. A. Duran; C. A. [&hellip;]<\/p>\n","protected":false},"author":3,"featured_media":2089,"comment_status":"closed","ping_status":"closed","sticky":true,"template":"","format":"standard","meta":{"footnotes":""},"categories":[1],"tags":[],"class_list":["post-445","post","type-post","status-publish","format-standard","has-post-thumbnail","hentry","category-sin-categoria"],"_links":{"self":[{"href":"http:\/\/materiales-sam.org.ar\/sam\/wp-json\/wp\/v2\/posts\/445","targetHints":{"allow":["GET"]}}],"collection":[{"href":"http:\/\/materiales-sam.org.ar\/sam\/wp-json\/wp\/v2\/posts"}],"about":[{"href":"http:\/\/materiales-sam.org.ar\/sam\/wp-json\/wp\/v2\/types\/post"}],"author":[{"embeddable":true,"href":"http:\/\/materiales-sam.org.ar\/sam\/wp-json\/wp\/v2\/users\/3"}],"replies":[{"embeddable":true,"href":"http:\/\/materiales-sam.org.ar\/sam\/wp-json\/wp\/v2\/comments?post=445"}],"version-history":[{"count":44,"href":"http:\/\/materiales-sam.org.ar\/sam\/wp-json\/wp\/v2\/posts\/445\/revisions"}],"predecessor-version":[{"id":2715,"href":"http:\/\/materiales-sam.org.ar\/sam\/wp-json\/wp\/v2\/posts\/445\/revisions\/2715"}],"wp:featuredmedia":[{"embeddable":true,"href":"http:\/\/materiales-sam.org.ar\/sam\/wp-json\/wp\/v2\/media\/2089"}],"wp:attachment":[{"href":"http:\/\/materiales-sam.org.ar\/sam\/wp-json\/wp\/v2\/media?parent=445"}],"wp:term":[{"taxonomy":"category","embeddable":true,"href":"http:\/\/materiales-sam.org.ar\/sam\/wp-json\/wp\/v2\/categories?post=445"},{"taxonomy":"post_tag","embeddable":true,"href":"http:\/\/materiales-sam.org.ar\/sam\/wp-json\/wp\/v2\/tags?post=445"}],"curies":[{"name":"wp","href":"https:\/\/api.w.org\/{rel}","templated":true}]}}